{"id":617,"date":"2025-01-17T14:10:39","date_gmt":"2025-01-17T14:10:39","guid":{"rendered":"https:\/\/martorelli.com.br\/Servidorespublicos\/?p=617"},"modified":"2025-01-17T14:10:40","modified_gmt":"2025-01-17T14:10:40","slug":"stf-reconhece-direito-a-licenca-parental-para-servidores-publicos-civis-e-militares","status":"publish","type":"post","link":"https:\/\/martorelli.com.br\/Servidorespublicos\/2025\/01\/17\/stf-reconhece-direito-a-licenca-parental-para-servidores-publicos-civis-e-militares\/","title":{"rendered":"STF reconhece direito \u00e0 licen\u00e7a parental para servidores p\u00fablicos civis e militares"},"content":{"rendered":"\n<p>O Supremo Tribunal Federal (STF) ampliou os direitos de servidores p\u00fablicos ao reconhecer a licen\u00e7a parental de seis meses para servidoras tempor\u00e1rias, comissionadas e pais solo, sejam biol\u00f3gicos ou adotantes. A decis\u00e3o un\u00e2nime foi tomada em sess\u00e3o virtual e abrange os estados de Roraima, Paran\u00e1, Alagoas e Amap\u00e1, envolvendo servidores civis e militares em quatro A\u00e7\u00f5es Diretas de Inconstitucionalidade (ADIs).<\/p>\n\n\n\n<p>Com essa decis\u00e3o, servidoras tempor\u00e1rias e comissionadas, independentemente do v\u00ednculo empregat\u00edcio, ter\u00e3o direito \u00e0 licen\u00e7a-maternidade de seis meses, v\u00e1lida tanto para partos quanto para ado\u00e7\u00f5es ou guardas de crian\u00e7as. O mesmo direito foi estendido a pais solo, destacando a import\u00e2ncia do papel paterno no cuidado e cria\u00e7\u00e3o dos filhos.<\/p>\n\n\n\n<p>O ministro Dias Toffoli, relator do caso, enfatizou que a licen\u00e7a parental \u00e9 um direito fundamental, n\u00e3o sujeito a discrimina\u00e7\u00f5es de g\u00eanero ou tipo de parentalidade. Segundo Toffoli, essa licen\u00e7a assegura igualdade entre filhos biol\u00f3gicos e adotivos, especialmente em situa\u00e7\u00f5es de ado\u00e7\u00e3o de crian\u00e7as maiores ou em vulnerabilidade.<\/p>\n\n\n\n<p>Al\u00e9m disso, o STF j\u00e1 havia estendido o direito \u00e0 licen\u00e7a-maternidade para servidoras contratadas por tempo determinado ou para cargos comissionados, refor\u00e7ando a igualdade entre gestantes e adotantes, sem distin\u00e7\u00e3o de idade das crian\u00e7as.<\/p>\n\n\n\n<p>A decis\u00e3o reafirma o compromisso do STF em consolidar jurisprud\u00eancias que garantem a licen\u00e7a parental como um direito inalien\u00e1vel, promovendo a equidade e valoriza\u00e7\u00e3o do papel de todos os pais e m\u00e3es no desenvolvimento infantil.<\/p>\n\n\n\n<p><\/p>\n","protected":false},"excerpt":{"rendered":"<p>O Supremo Tribunal Federal (STF) ampliou os direitos de servidores p\u00fablicos ao reconhecer a licen\u00e7a parental de seis meses para servidoras tempor\u00e1rias, comissionadas e pais solo, sejam biol\u00f3gicos ou adotantes. A decis\u00e3o un\u00e2nime foi tomada em sess\u00e3o virtual e abrange os estados de Roraima, Paran\u00e1, Alagoas e Amap\u00e1, envolvendo servidores civis e militares em quatro [&hellip;]<\/p>\n","protected":false},"author":1,"featured_media":618,"comment_status":"open","ping_status":"open","sticky":false,"template":"","format":"standard","meta":{"footnotes":""},"categories":[1],"tags":[],"ppma_author":[13],"class_list":["post-617","post","type-post","status-publish","format-standard","has-post-thumbnail","hentry","category-servidorespublicos"],"authors":[{"term_id":13,"user_id":1,"is_guest":0,"slug":"martorelli","display_name":"martorelli","avatar_url":"https:\/\/secure.gravatar.com\/avatar\/21313a875ddea5e2507529633abf5d6987ba6868f843d0c38159e5ffba3f66ec?s=96&d=mm&r=g","0":null,"1":"","2":"","3":"","4":"","5":"","6":"","7":"","8":""}],"_links":{"self":[{"href":"https:\/\/martorelli.com.br\/Servidorespublicos\/wp-json\/wp\/v2\/posts\/617","targetHints":{"allow":["GET"]}}],"collection":[{"href":"https:\/\/martorelli.com.br\/Servidorespublicos\/wp-json\/wp\/v2\/posts"}],"about":[{"href":"https:\/\/martorelli.com.br\/Servidorespublicos\/wp-json\/wp\/v2\/types\/post"}],"author":[{"embeddable":true,"href":"https:\/\/martorelli.com.br\/Servidorespublicos\/wp-json\/wp\/v2\/users\/1"}],"replies":[{"embeddable":true,"href":"https:\/\/martorelli.com.br\/Servidorespublicos\/wp-json\/wp\/v2\/comments?post=617"}],"version-history":[{"count":1,"href":"https:\/\/martorelli.com.br\/Servidorespublicos\/wp-json\/wp\/v2\/posts\/617\/revisions"}],"predecessor-version":[{"id":619,"href":"https:\/\/martorelli.com.br\/Servidorespublicos\/wp-json\/wp\/v2\/posts\/617\/revisions\/619"}],"wp:featuredmedia":[{"embeddable":true,"href":"https:\/\/martorelli.com.br\/Servidorespublicos\/wp-json\/wp\/v2\/media\/618"}],"wp:attachment":[{"href":"https:\/\/martorelli.com.br\/Servidorespublicos\/wp-json\/wp\/v2\/media?parent=617"}],"wp:term":[{"taxonomy":"category","embeddable":true,"href":"https:\/\/martorelli.com.br\/Servidorespublicos\/wp-json\/wp\/v2\/categories?post=617"},{"taxonomy":"post_tag","embeddable":true,"href":"https:\/\/martorelli.com.br\/Servidorespublicos\/wp-json\/wp\/v2\/tags?post=617"},{"taxonomy":"author","embeddable":true,"href":"https:\/\/martorelli.com.br\/Servidorespublicos\/wp-json\/wp\/v2\/ppma_author?post=617"}],"curies":[{"name":"wp","href":"https:\/\/api.w.org\/{rel}","templated":true}]}}