{"id":1970,"date":"2026-07-07T11:41:54","date_gmt":"2026-07-07T11:41:54","guid":{"rendered":"https:\/\/martorelli.com.br\/dialogoslegais\/?p=1970"},"modified":"2026-07-07T11:41:54","modified_gmt":"2026-07-07T11:41:54","slug":"o-custo-da-insalubridade-por-ruido-pode-estar-prestes-a-aumentar","status":"publish","type":"post","link":"https:\/\/martorelli.com.br\/dialogoslegais\/o-custo-da-insalubridade-por-ruido-pode-estar-prestes-a-aumentar\/","title":{"rendered":"O custo da insalubridade por ru\u00eddo pode estar prestes a aumentar?"},"content":{"rendered":"\n<p class=\"wp-block-paragraph\">Uma decis\u00e3o recente do TST &#8211; Tribunal Superior do Trabalho recoloca em evid\u00eancia uma discuss\u00e3o essencial para empresas que operam em ambientes com exposi\u00e7\u00e3o ocupacional a ru\u00eddo.<\/p>\n\n\n\n<p class=\"wp-block-paragraph\">O caso envolvia um operador de frigor\u00edfico submetido a n\u00edveis de ru\u00eddo acima dos limites legais. A empresa fornecia protetor auricular, mantinha Programa de Conserva\u00e7\u00e3o Auditiva e houve laudo t\u00e9cnico judicial concluindo que a utiliza\u00e7\u00e3o do EPI reduzia a exposi\u00e7\u00e3o para patamares inferiores aos limites de toler\u00e2ncia.<\/p>\n\n\n\n<p class=\"wp-block-paragraph\">Ainda assim, a condena\u00e7\u00e3o ao pagamento do adicional de insalubridade foi mantida, pelas inst\u00e2ncias superiores.<\/p>\n\n\n\n<p class=\"wp-block-paragraph\">Ao analisar o recurso, a 3\u00aa Turma do TST aplicou o entendimento consolidado pelo Supremo Tribunal Federal no \ud835\udde7\ud835\uddf2\ud835\uddfa\ud835\uddee \ud835\udff1\ud835\udff1\ud835\udff1, segundo o qual, para fins de aposentadoria especial, a declara\u00e7\u00e3o de efic\u00e1cia do EPI n\u00e3o \u00e9 suficiente para descaracterizar a nocividade da exposi\u00e7\u00e3o ao ru\u00eddo.<\/p>\n\n\n\n<p class=\"wp-block-paragraph\">A discuss\u00e3o possui relev\u00e2ncia que ultrapassa o caso concreto.<\/p>\n\n\n\n<p class=\"wp-block-paragraph\">Durante d\u00e9cadas, a gest\u00e3o de riscos ocupacionais foi estruturada a partir de uma l\u00f3gica relativamente simples. Uma vez demonstrada a efetiva neutraliza\u00e7\u00e3o do agente nocivo pelo equipamento de prote\u00e7\u00e3o, abria-se espa\u00e7o para afastar a caracteriza\u00e7\u00e3o da insalubridade.<\/p>\n\n\n\n<p class=\"wp-block-paragraph\">Quando se trata de ru\u00eddo, contudo, essa premissa vem sendo progressivamente tensionada pela jurisprud\u00eancia.<\/p>\n\n\n\n<p class=\"wp-block-paragraph\">Se a efic\u00e1cia comprovada do protetor auricular deixa de ser elemento suficiente para afastar o adicional, parte da previsibilidade constru\u00edda por empresas em rela\u00e7\u00e3o a esse passivo passa a ser reavaliada.<\/p>\n\n\n\n<p class=\"wp-block-paragraph\">O impacto potencial n\u00e3o se limita ao valor do adicional de insalubridade.<br>Em opera\u00e7\u00f5es com grande contingente de trabalhadores expostos ao mesmo agente, a discuss\u00e3o alcan\u00e7a a folha de pagamento, os reflexos trabalhistas decorrentes e a pr\u00f3pria modelagem financeira de determinadas atividades econ\u00f4micas.<\/p>\n\n\n\n<p class=\"wp-block-paragraph\">O tema interessa especialmente a setores como ind\u00fastria, frigor\u00edficos, log\u00edstica, minera\u00e7\u00e3o, constru\u00e7\u00e3o civil e opera\u00e7\u00f5es portu\u00e1rias, nos quais a exposi\u00e7\u00e3o ao ru\u00eddo integra a pr\u00f3pria din\u00e2mica produtiva.<\/p>\n\n\n\n<p class=\"wp-block-paragraph\">Mais do que uma discuss\u00e3o sobre equipamentos de prote\u00e7\u00e3o individual, a decis\u00e3o refor\u00e7a um debate sobre previsibilidade de custos, gest\u00e3o de passivos e limites da estrat\u00e9gia defensiva tradicionalmente adotada pelas empresas em mat\u00e9ria de insalubridade.<\/p>\n\n\n\n<p class=\"wp-block-paragraph\">Embora o julgamento ainda n\u00e3o tenha transitado em julgado, trata-se de um tema que merece acompanhamento pelas empresas expostas a esse tipo de risco ocupacional.<\/p>\n\n\n\n<p class=\"wp-block-paragraph\">Por Geraldo Fonseca, S\u00f3cio de Martorelli Advogados<\/p>\n","protected":false},"excerpt":{"rendered":"<p>Uma decis\u00e3o recente do TST &#8211; Tribunal Superior do Trabalho recoloca em evid\u00eancia uma discuss\u00e3o essencial para empresas que operam em ambientes com exposi\u00e7\u00e3o ocupacional a ru\u00eddo. O caso envolvia um operador de frigor\u00edfico submetido a n\u00edveis de ru\u00eddo acima dos limites legais. A empresa fornecia protetor auricular, mantinha Programa de Conserva\u00e7\u00e3o Auditiva e houve [&hellip;]<\/p>\n","protected":false},"author":5,"featured_media":0,"comment_status":"open","ping_status":"closed","sticky":false,"template":"","format":"standard","meta":{"footnotes":""},"categories":[1],"tags":[],"ppma_author":[33],"class_list":["post-1970","post","type-post","status-publish","format-standard","hentry","category-trabalhista"],"yoast_head":"<!-- This site is optimized with the Yoast SEO plugin v27.5 - https:\/\/yoast.com\/product\/yoast-seo-wordpress\/ -->\n<title>O custo da insalubridade por ru\u00eddo pode estar prestes a aumentar? - Blog Di\u00e1logos Legais<\/title>\n<meta name=\"robots\" content=\"index, follow, max-snippet:-1, max-image-preview:large, max-video-preview:-1\" \/>\n<link rel=\"canonical\" href=\"https:\/\/martorelli.com.br\/dialogoslegais\/o-custo-da-insalubridade-por-ruido-pode-estar-prestes-a-aumentar\/\" \/>\n<meta property=\"og:locale\" content=\"pt_PT\" \/>\n<meta property=\"og:type\" content=\"article\" \/>\n<meta property=\"og:title\" content=\"O custo da insalubridade por ru\u00eddo pode estar prestes a aumentar? - Blog Di\u00e1logos Legais\" \/>\n<meta property=\"og:description\" content=\"Uma decis\u00e3o recente do TST &#8211; Tribunal Superior do Trabalho recoloca em evid\u00eancia uma discuss\u00e3o essencial para empresas que operam em ambientes com exposi\u00e7\u00e3o ocupacional a ru\u00eddo. O caso envolvia um operador de frigor\u00edfico submetido a n\u00edveis de ru\u00eddo acima dos limites legais. A empresa fornecia protetor auricular, mantinha Programa de Conserva\u00e7\u00e3o Auditiva e houve [&hellip;]\" \/>\n<meta property=\"og:url\" content=\"https:\/\/martorelli.com.br\/dialogoslegais\/o-custo-da-insalubridade-por-ruido-pode-estar-prestes-a-aumentar\/\" \/>\n<meta property=\"og:site_name\" content=\"Blog Di\u00e1logos Legais\" \/>\n<meta property=\"article:published_time\" content=\"2026-07-07T11:41:54+00:00\" \/>\n<meta name=\"author\" content=\"Martorelli Advogados\" \/>\n<meta name=\"twitter:card\" content=\"summary_large_image\" \/>\n<meta name=\"twitter:label1\" content=\"Escrito por\" \/>\n\t<meta name=\"twitter:data1\" content=\"Martorelli Advogados\" \/>\n\t<meta name=\"twitter:label2\" content=\"Tempo estimado de leitura\" \/>\n\t<meta name=\"twitter:data2\" content=\"2 minutos\" \/>\n<script type=\"application\/ld+json\" class=\"yoast-schema-graph\">{\"@context\":\"https:\\\/\\\/schema.org\",\"@graph\":[{\"@type\":\"Article\",\"@id\":\"https:\\\/\\\/martorelli.com.br\\\/dialogoslegais\\\/o-custo-da-insalubridade-por-ruido-pode-estar-prestes-a-aumentar\\\/#article\",\"isPartOf\":{\"@id\":\"https:\\\/\\\/martorelli.com.br\\\/dialogoslegais\\\/o-custo-da-insalubridade-por-ruido-pode-estar-prestes-a-aumentar\\\/\"},\"author\":{\"name\":\"Martorelli Advogados\",\"@id\":\"https:\\\/\\\/martorelli.com.br\\\/dialogoslegais\\\/#\\\/schema\\\/person\\\/cd91f2df3da16aa738077c2dd4205c85\"},\"headline\":\"O custo da insalubridade por ru\u00eddo pode estar prestes a aumentar?\",\"datePublished\":\"2026-07-07T11:41:54+00:00\",\"mainEntityOfPage\":{\"@id\":\"https:\\\/\\\/martorelli.com.br\\\/dialogoslegais\\\/o-custo-da-insalubridade-por-ruido-pode-estar-prestes-a-aumentar\\\/\"},\"wordCount\":430,\"commentCount\":0,\"publisher\":{\"@id\":\"https:\\\/\\\/martorelli.com.br\\\/dialogoslegais\\\/#organization\"},\"articleSection\":[\"Trabalhista\"],\"inLanguage\":\"pt-PT\",\"potentialAction\":[{\"@type\":\"CommentAction\",\"name\":\"Comment\",\"target\":[\"https:\\\/\\\/martorelli.com.br\\\/dialogoslegais\\\/o-custo-da-insalubridade-por-ruido-pode-estar-prestes-a-aumentar\\\/#respond\"]}]},{\"@type\":\"WebPage\",\"@id\":\"https:\\\/\\\/martorelli.com.br\\\/dialogoslegais\\\/o-custo-da-insalubridade-por-ruido-pode-estar-prestes-a-aumentar\\\/\",\"url\":\"https:\\\/\\\/martorelli.com.br\\\/dialogoslegais\\\/o-custo-da-insalubridade-por-ruido-pode-estar-prestes-a-aumentar\\\/\",\"name\":\"O custo da insalubridade por ru\u00eddo pode estar prestes a aumentar? - Blog Di\u00e1logos Legais\",\"isPartOf\":{\"@id\":\"https:\\\/\\\/martorelli.com.br\\\/dialogoslegais\\\/#website\"},\"datePublished\":\"2026-07-07T11:41:54+00:00\",\"breadcrumb\":{\"@id\":\"https:\\\/\\\/martorelli.com.br\\\/dialogoslegais\\\/o-custo-da-insalubridade-por-ruido-pode-estar-prestes-a-aumentar\\\/#breadcrumb\"},\"inLanguage\":\"pt-PT\",\"potentialAction\":[{\"@type\":\"ReadAction\",\"target\":[\"https:\\\/\\\/martorelli.com.br\\\/dialogoslegais\\\/o-custo-da-insalubridade-por-ruido-pode-estar-prestes-a-aumentar\\\/\"]}]},{\"@type\":\"BreadcrumbList\",\"@id\":\"https:\\\/\\\/martorelli.com.br\\\/dialogoslegais\\\/o-custo-da-insalubridade-por-ruido-pode-estar-prestes-a-aumentar\\\/#breadcrumb\",\"itemListElement\":[{\"@type\":\"ListItem\",\"position\":1,\"name\":\"In\u00edcio\",\"item\":\"https:\\\/\\\/martorelli.com.br\\\/dialogoslegais\\\/\"},{\"@type\":\"ListItem\",\"position\":2,\"name\":\"O custo da insalubridade por ru\u00eddo pode estar prestes a aumentar?\"}]},{\"@type\":\"WebSite\",\"@id\":\"https:\\\/\\\/martorelli.com.br\\\/dialogoslegais\\\/#website\",\"url\":\"https:\\\/\\\/martorelli.com.br\\\/dialogoslegais\\\/\",\"name\":\"Blog Di\u00e1logos Legais\",\"description\":\"Rela\u00e7\u00f5es Inspiradoras. Advocacia em Movimento.\",\"publisher\":{\"@id\":\"https:\\\/\\\/martorelli.com.br\\\/dialogoslegais\\\/#organization\"},\"potentialAction\":[{\"@type\":\"SearchAction\",\"target\":{\"@type\":\"EntryPoint\",\"urlTemplate\":\"https:\\\/\\\/martorelli.com.br\\\/dialogoslegais\\\/?s={search_term_string}\"},\"query-input\":{\"@type\":\"PropertyValueSpecification\",\"valueRequired\":true,\"valueName\":\"search_term_string\"}}],\"inLanguage\":\"pt-PT\"},{\"@type\":\"Organization\",\"@id\":\"https:\\\/\\\/martorelli.com.br\\\/dialogoslegais\\\/#organization\",\"name\":\"Blog Di\u00e1logos Legais\",\"url\":\"https:\\\/\\\/martorelli.com.br\\\/dialogoslegais\\\/\",\"logo\":{\"@type\":\"ImageObject\",\"inLanguage\":\"pt-PT\",\"@id\":\"https:\\\/\\\/martorelli.com.br\\\/dialogoslegais\\\/#\\\/schema\\\/logo\\\/image\\\/\",\"url\":\"https:\\\/\\\/martorelli.com.br\\\/dialogoslegais\\\/wp-content\\\/uploads\\\/2024\\\/01\\\/Prancheta-1-scaled.webp\",\"contentUrl\":\"https:\\\/\\\/martorelli.com.br\\\/dialogoslegais\\\/wp-content\\\/uploads\\\/2024\\\/01\\\/Prancheta-1-scaled.webp\",\"width\":2560,\"height\":2560,\"caption\":\"Blog Di\u00e1logos Legais\"},\"image\":{\"@id\":\"https:\\\/\\\/martorelli.com.br\\\/dialogoslegais\\\/#\\\/schema\\\/logo\\\/image\\\/\"},\"sameAs\":[\"https:\\\/\\\/www.instagram.com\\\/martorelliadvogados\\\/\"]},{\"@type\":\"Person\",\"@id\":\"https:\\\/\\\/martorelli.com.br\\\/dialogoslegais\\\/#\\\/schema\\\/person\\\/cd91f2df3da16aa738077c2dd4205c85\",\"name\":\"Martorelli Advogados\",\"image\":{\"@type\":\"ImageObject\",\"inLanguage\":\"pt-PT\",\"@id\":\"https:\\\/\\\/secure.gravatar.com\\\/avatar\\\/?s=96&d=mm&r=g23494c9101089ad44ae88ce9d2f56aac\",\"url\":\"https:\\\/\\\/secure.gravatar.com\\\/avatar\\\/?s=96&d=mm&r=g\",\"contentUrl\":\"https:\\\/\\\/secure.gravatar.com\\\/avatar\\\/?s=96&d=mm&r=g\",\"caption\":\"Martorelli Advogados\"},\"url\":\"https:\\\/\\\/martorelli.com.br\\\/dialogoslegais\\\/author\\\/marciar\\\/\"}]}<\/script>\n<!-- \/ Yoast SEO plugin. -->","yoast_head_json":{"title":"O custo da insalubridade por ru\u00eddo pode estar prestes a aumentar? - Blog Di\u00e1logos Legais","robots":{"index":"index","follow":"follow","max-snippet":"max-snippet:-1","max-image-preview":"max-image-preview:large","max-video-preview":"max-video-preview:-1"},"canonical":"https:\/\/martorelli.com.br\/dialogoslegais\/o-custo-da-insalubridade-por-ruido-pode-estar-prestes-a-aumentar\/","og_locale":"pt_PT","og_type":"article","og_title":"O custo da insalubridade por ru\u00eddo pode estar prestes a aumentar? - Blog Di\u00e1logos Legais","og_description":"Uma decis\u00e3o recente do TST &#8211; Tribunal Superior do Trabalho recoloca em evid\u00eancia uma discuss\u00e3o essencial para empresas que operam em ambientes com exposi\u00e7\u00e3o ocupacional a ru\u00eddo. O caso envolvia um operador de frigor\u00edfico submetido a n\u00edveis de ru\u00eddo acima dos limites legais. A empresa fornecia protetor auricular, mantinha Programa de Conserva\u00e7\u00e3o Auditiva e houve [&hellip;]","og_url":"https:\/\/martorelli.com.br\/dialogoslegais\/o-custo-da-insalubridade-por-ruido-pode-estar-prestes-a-aumentar\/","og_site_name":"Blog Di\u00e1logos Legais","article_published_time":"2026-07-07T11:41:54+00:00","author":"Martorelli Advogados","twitter_card":"summary_large_image","twitter_misc":{"Escrito por":"Martorelli Advogados","Tempo estimado de leitura":"2 minutos"},"schema":{"@context":"https:\/\/schema.org","@graph":[{"@type":"Article","@id":"https:\/\/martorelli.com.br\/dialogoslegais\/o-custo-da-insalubridade-por-ruido-pode-estar-prestes-a-aumentar\/#article","isPartOf":{"@id":"https:\/\/martorelli.com.br\/dialogoslegais\/o-custo-da-insalubridade-por-ruido-pode-estar-prestes-a-aumentar\/"},"author":{"name":"Martorelli Advogados","@id":"https:\/\/martorelli.com.br\/dialogoslegais\/#\/schema\/person\/cd91f2df3da16aa738077c2dd4205c85"},"headline":"O custo da insalubridade por ru\u00eddo pode estar prestes a aumentar?","datePublished":"2026-07-07T11:41:54+00:00","mainEntityOfPage":{"@id":"https:\/\/martorelli.com.br\/dialogoslegais\/o-custo-da-insalubridade-por-ruido-pode-estar-prestes-a-aumentar\/"},"wordCount":430,"commentCount":0,"publisher":{"@id":"https:\/\/martorelli.com.br\/dialogoslegais\/#organization"},"articleSection":["Trabalhista"],"inLanguage":"pt-PT","potentialAction":[{"@type":"CommentAction","name":"Comment","target":["https:\/\/martorelli.com.br\/dialogoslegais\/o-custo-da-insalubridade-por-ruido-pode-estar-prestes-a-aumentar\/#respond"]}]},{"@type":"WebPage","@id":"https:\/\/martorelli.com.br\/dialogoslegais\/o-custo-da-insalubridade-por-ruido-pode-estar-prestes-a-aumentar\/","url":"https:\/\/martorelli.com.br\/dialogoslegais\/o-custo-da-insalubridade-por-ruido-pode-estar-prestes-a-aumentar\/","name":"O custo da insalubridade por ru\u00eddo pode estar prestes a aumentar? - Blog Di\u00e1logos Legais","isPartOf":{"@id":"https:\/\/martorelli.com.br\/dialogoslegais\/#website"},"datePublished":"2026-07-07T11:41:54+00:00","breadcrumb":{"@id":"https:\/\/martorelli.com.br\/dialogoslegais\/o-custo-da-insalubridade-por-ruido-pode-estar-prestes-a-aumentar\/#breadcrumb"},"inLanguage":"pt-PT","potentialAction":[{"@type":"ReadAction","target":["https:\/\/martorelli.com.br\/dialogoslegais\/o-custo-da-insalubridade-por-ruido-pode-estar-prestes-a-aumentar\/"]}]},{"@type":"BreadcrumbList","@id":"https:\/\/martorelli.com.br\/dialogoslegais\/o-custo-da-insalubridade-por-ruido-pode-estar-prestes-a-aumentar\/#breadcrumb","itemListElement":[{"@type":"ListItem","position":1,"name":"In\u00edcio","item":"https:\/\/martorelli.com.br\/dialogoslegais\/"},{"@type":"ListItem","position":2,"name":"O custo da insalubridade por ru\u00eddo pode estar prestes a aumentar?"}]},{"@type":"WebSite","@id":"https:\/\/martorelli.com.br\/dialogoslegais\/#website","url":"https:\/\/martorelli.com.br\/dialogoslegais\/","name":"Blog Di\u00e1logos Legais","description":"Rela\u00e7\u00f5es Inspiradoras. Advocacia em Movimento.","publisher":{"@id":"https:\/\/martorelli.com.br\/dialogoslegais\/#organization"},"potentialAction":[{"@type":"SearchAction","target":{"@type":"EntryPoint","urlTemplate":"https:\/\/martorelli.com.br\/dialogoslegais\/?s={search_term_string}"},"query-input":{"@type":"PropertyValueSpecification","valueRequired":true,"valueName":"search_term_string"}}],"inLanguage":"pt-PT"},{"@type":"Organization","@id":"https:\/\/martorelli.com.br\/dialogoslegais\/#organization","name":"Blog Di\u00e1logos Legais","url":"https:\/\/martorelli.com.br\/dialogoslegais\/","logo":{"@type":"ImageObject","inLanguage":"pt-PT","@id":"https:\/\/martorelli.com.br\/dialogoslegais\/#\/schema\/logo\/image\/","url":"https:\/\/martorelli.com.br\/dialogoslegais\/wp-content\/uploads\/2024\/01\/Prancheta-1-scaled.webp","contentUrl":"https:\/\/martorelli.com.br\/dialogoslegais\/wp-content\/uploads\/2024\/01\/Prancheta-1-scaled.webp","width":2560,"height":2560,"caption":"Blog Di\u00e1logos Legais"},"image":{"@id":"https:\/\/martorelli.com.br\/dialogoslegais\/#\/schema\/logo\/image\/"},"sameAs":["https:\/\/www.instagram.com\/martorelliadvogados\/"]},{"@type":"Person","@id":"https:\/\/martorelli.com.br\/dialogoslegais\/#\/schema\/person\/cd91f2df3da16aa738077c2dd4205c85","name":"Martorelli Advogados","image":{"@type":"ImageObject","inLanguage":"pt-PT","@id":"https:\/\/secure.gravatar.com\/avatar\/?s=96&d=mm&r=g23494c9101089ad44ae88ce9d2f56aac","url":"https:\/\/secure.gravatar.com\/avatar\/?s=96&d=mm&r=g","contentUrl":"https:\/\/secure.gravatar.com\/avatar\/?s=96&d=mm&r=g","caption":"Martorelli Advogados"},"url":"https:\/\/martorelli.com.br\/dialogoslegais\/author\/marciar\/"}]}},"authors":[{"term_id":33,"user_id":5,"is_guest":0,"slug":"marciar","display_name":"Martorelli Advogados","avatar_url":"https:\/\/secure.gravatar.com\/avatar\/?s=96&d=mm&r=g","0":null,"1":"","2":"","3":"","4":"","5":"","6":"","7":"","8":""}],"_links":{"self":[{"href":"https:\/\/martorelli.com.br\/dialogoslegais\/wp-json\/wp\/v2\/posts\/1970","targetHints":{"allow":["GET"]}}],"collection":[{"href":"https:\/\/martorelli.com.br\/dialogoslegais\/wp-json\/wp\/v2\/posts"}],"about":[{"href":"https:\/\/martorelli.com.br\/dialogoslegais\/wp-json\/wp\/v2\/types\/post"}],"author":[{"embeddable":true,"href":"https:\/\/martorelli.com.br\/dialogoslegais\/wp-json\/wp\/v2\/users\/5"}],"replies":[{"embeddable":true,"href":"https:\/\/martorelli.com.br\/dialogoslegais\/wp-json\/wp\/v2\/comments?post=1970"}],"version-history":[{"count":1,"href":"https:\/\/martorelli.com.br\/dialogoslegais\/wp-json\/wp\/v2\/posts\/1970\/revisions"}],"predecessor-version":[{"id":1971,"href":"https:\/\/martorelli.com.br\/dialogoslegais\/wp-json\/wp\/v2\/posts\/1970\/revisions\/1971"}],"wp:attachment":[{"href":"https:\/\/martorelli.com.br\/dialogoslegais\/wp-json\/wp\/v2\/media?parent=1970"}],"wp:term":[{"taxonomy":"category","embeddable":true,"href":"https:\/\/martorelli.com.br\/dialogoslegais\/wp-json\/wp\/v2\/categories?post=1970"},{"taxonomy":"post_tag","embeddable":true,"href":"https:\/\/martorelli.com.br\/dialogoslegais\/wp-json\/wp\/v2\/tags?post=1970"},{"taxonomy":"author","embeddable":true,"href":"https:\/\/martorelli.com.br\/dialogoslegais\/wp-json\/wp\/v2\/ppma_author?post=1970"}],"curies":[{"name":"wp","href":"https:\/\/api.w.org\/{rel}","templated":true}]}}