{"id":1976,"date":"2026-07-07T11:51:33","date_gmt":"2026-07-07T11:51:33","guid":{"rendered":"https:\/\/martorelli.com.br\/dialogoslegais\/?p=1976"},"modified":"2026-07-07T11:51:34","modified_gmt":"2026-07-07T11:51:34","slug":"amizades-profissionais-tambem-constroem-carreira","status":"publish","type":"post","link":"https:\/\/martorelli.com.br\/dialogoslegais\/amizades-profissionais-tambem-constroem-carreira\/","title":{"rendered":"Amizades profissionais tamb\u00e9m constroem carreira"},"content":{"rendered":"\n<p class=\"wp-block-paragraph\">Por muito tempo, fomos ensinados a separar afeto e trabalho como se essa dist\u00e2ncia fosse sinal de maturidade profissional. No Direito, talvez isso apare\u00e7a ainda com mais for\u00e7a.<\/p>\n\n\n\n<p class=\"wp-block-paragraph\">A t\u00e9cnica, a confidencialidade, a press\u00e3o por resultado e a formalidade da profiss\u00e3o muitas vezes criam a impress\u00e3o de que v\u00ednculos pessoais precisam ficar do lado de fora.<\/p>\n\n\n\n<p class=\"wp-block-paragraph\">Um artigo recente da Harvard Business Review, assinado por Paul Ingram, parte de uma provoca\u00e7\u00e3o simples e necess\u00e1ria.<\/p>\n\n\n\n<p class=\"wp-block-paragraph\">O texto afirma que \u201ca maioria das pessoas tenta manter trabalho e amizade em caixas separadas\u201d. A frase me chamou aten\u00e7\u00e3o porque traduz uma pr\u00e1tica comum, mas nem sempre saud\u00e1vel.<\/p>\n\n\n\n<p class=\"wp-block-paragraph\">Muitos profissionais tentam manter rela\u00e7\u00f5es de trabalho em uma zona neutra, sem envolvimento, sem abertura e sem espa\u00e7o para confian\u00e7a al\u00e9m do necess\u00e1rio. S\u00f3 que essa separa\u00e7\u00e3o, na pr\u00e1tica, empobrece a experi\u00eancia profissional.<\/p>\n\n\n\n<p class=\"wp-block-paragraph\">N\u00e3o defendo a confus\u00e3o entre amizade e falta de crit\u00e9rio. Rela\u00e7\u00f5es profissionais exigem responsabilidade, limites e clareza.<\/p>\n\n\n\n<p class=\"wp-block-paragraph\">Mas existe uma diferen\u00e7a grande entre preservar a \u00e9tica e transformar o ambiente de trabalho em um espa\u00e7o frio, onde ningu\u00e9m se conhece de verdade e todos operam apenas a partir de entregas, prazos e fun\u00e7\u00f5es.<\/p>\n\n\n\n<p class=\"wp-block-paragraph\">Na advocacia, aprendi que confian\u00e7a n\u00e3o nasce apenas da compet\u00eancia t\u00e9cnica, sabe?<\/p>\n\n\n\n<p class=\"wp-block-paragraph\">Ela acaba se construindo na conviv\u00eancia, na escuta, na forma como uma pessoa sustenta outra em per\u00edodos dif\u00edceis e na seguran\u00e7a de poder compartilhar d\u00favidas sem receio de parecer menor.<\/p>\n\n\n\n<p class=\"wp-block-paragraph\">Bons v\u00ednculos n\u00e3o eliminam a exig\u00eancia do trabalho. Ao contr\u00e1rio, tornam essa exig\u00eancia mais poss\u00edvel, porque reduzem o isolamento que tantas vezes acompanha carreiras de alta responsabilidade.<\/p>\n\n\n\n<p class=\"wp-block-paragraph\">A solid\u00e3o profissional raramente aparece nos curr\u00edculos, nos contratos ou nas reuni\u00f5es de resultado. Ainda assim, ela est\u00e1 presente.<\/p>\n\n\n\n<p class=\"wp-block-paragraph\">Por isso, amizades profissionais n\u00e3o s\u00e3o um detalhe afetivo. Elas fazem parte da arquitetura de uma carreira sustent\u00e1vel.<\/p>\n\n\n\n<p class=\"wp-block-paragraph\">S\u00e3o v\u00ednculos que ajudam a elaborar frustra\u00e7\u00f5es, amadurecer decis\u00f5es, atravessar conflitos e permanecer em movimento sem perder a dimens\u00e3o humana do trabalho.<\/p>\n\n\n\n<p class=\"wp-block-paragraph\">Talvez a grande quest\u00e3o n\u00e3o seja escolher entre profissionalismo e amizade. O desafio \u00e9 construir ambientes em que a proximidade n\u00e3o comprometa a responsabilidade, e a responsabilidade n\u00e3o exija indiferen\u00e7a.<\/p>\n\n\n\n<p class=\"wp-block-paragraph\">As carreiras n\u00e3o s\u00e3o feitas apenas de cargos, clientes, teses e resultados. Tamb\u00e9m s\u00e3o feitas das pessoas que nos ajudam a permanecer inteiros enquanto trabalhamos.<\/p>\n\n\n\n<p class=\"wp-block-paragraph\">Por D\u00f3ris Castelo Branco, s\u00f3cia de Martorelli Advogados<\/p>\n","protected":false},"excerpt":{"rendered":"<p>Por muito tempo, fomos ensinados a separar afeto e trabalho como se essa dist\u00e2ncia fosse sinal de maturidade profissional. No Direito, talvez isso apare\u00e7a ainda com mais for\u00e7a. A t\u00e9cnica, a confidencialidade, a press\u00e3o por resultado e a formalidade da profiss\u00e3o muitas vezes criam a impress\u00e3o de que v\u00ednculos pessoais precisam ficar do lado de [&hellip;]<\/p>\n","protected":false},"author":5,"featured_media":0,"comment_status":"open","ping_status":"closed","sticky":false,"template":"","format":"standard","meta":{"footnotes":""},"categories":[29],"tags":[],"ppma_author":[33],"class_list":["post-1976","post","type-post","status-publish","format-standard","hentry","category-institucional"],"yoast_head":"<!-- This site is optimized with the Yoast SEO plugin v27.5 - https:\/\/yoast.com\/product\/yoast-seo-wordpress\/ -->\n<title>Amizades profissionais tamb\u00e9m constroem carreira - Blog Di\u00e1logos Legais<\/title>\n<meta name=\"robots\" content=\"index, follow, max-snippet:-1, max-image-preview:large, max-video-preview:-1\" \/>\n<link rel=\"canonical\" href=\"https:\/\/martorelli.com.br\/dialogoslegais\/amizades-profissionais-tambem-constroem-carreira\/\" \/>\n<meta property=\"og:locale\" content=\"pt_PT\" \/>\n<meta property=\"og:type\" content=\"article\" \/>\n<meta property=\"og:title\" content=\"Amizades profissionais tamb\u00e9m constroem carreira - Blog Di\u00e1logos Legais\" \/>\n<meta property=\"og:description\" content=\"Por muito tempo, fomos ensinados a separar afeto e trabalho como se essa dist\u00e2ncia fosse sinal de maturidade profissional. No Direito, talvez isso apare\u00e7a ainda com mais for\u00e7a. A t\u00e9cnica, a confidencialidade, a press\u00e3o por resultado e a formalidade da profiss\u00e3o muitas vezes criam a impress\u00e3o de que v\u00ednculos pessoais precisam ficar do lado de [&hellip;]\" \/>\n<meta property=\"og:url\" content=\"https:\/\/martorelli.com.br\/dialogoslegais\/amizades-profissionais-tambem-constroem-carreira\/\" \/>\n<meta property=\"og:site_name\" content=\"Blog Di\u00e1logos Legais\" \/>\n<meta property=\"article:published_time\" content=\"2026-07-07T11:51:33+00:00\" \/>\n<meta property=\"article:modified_time\" content=\"2026-07-07T11:51:34+00:00\" \/>\n<meta name=\"author\" content=\"Martorelli Advogados\" \/>\n<meta name=\"twitter:card\" content=\"summary_large_image\" \/>\n<meta name=\"twitter:label1\" content=\"Escrito por\" \/>\n\t<meta name=\"twitter:data1\" content=\"Martorelli Advogados\" \/>\n\t<meta name=\"twitter:label2\" content=\"Tempo estimado de leitura\" \/>\n\t<meta name=\"twitter:data2\" content=\"3 minutos\" \/>\n<script type=\"application\/ld+json\" class=\"yoast-schema-graph\">{\"@context\":\"https:\\\/\\\/schema.org\",\"@graph\":[{\"@type\":\"Article\",\"@id\":\"https:\\\/\\\/martorelli.com.br\\\/dialogoslegais\\\/amizades-profissionais-tambem-constroem-carreira\\\/#article\",\"isPartOf\":{\"@id\":\"https:\\\/\\\/martorelli.com.br\\\/dialogoslegais\\\/amizades-profissionais-tambem-constroem-carreira\\\/\"},\"author\":{\"name\":\"Martorelli Advogados\",\"@id\":\"https:\\\/\\\/martorelli.com.br\\\/dialogoslegais\\\/#\\\/schema\\\/person\\\/cd91f2df3da16aa738077c2dd4205c85\"},\"headline\":\"Amizades profissionais tamb\u00e9m constroem carreira\",\"datePublished\":\"2026-07-07T11:51:33+00:00\",\"dateModified\":\"2026-07-07T11:51:34+00:00\",\"mainEntityOfPage\":{\"@id\":\"https:\\\/\\\/martorelli.com.br\\\/dialogoslegais\\\/amizades-profissionais-tambem-constroem-carreira\\\/\"},\"wordCount\":452,\"commentCount\":0,\"publisher\":{\"@id\":\"https:\\\/\\\/martorelli.com.br\\\/dialogoslegais\\\/#organization\"},\"articleSection\":[\"Institucional\"],\"inLanguage\":\"pt-PT\",\"potentialAction\":[{\"@type\":\"CommentAction\",\"name\":\"Comment\",\"target\":[\"https:\\\/\\\/martorelli.com.br\\\/dialogoslegais\\\/amizades-profissionais-tambem-constroem-carreira\\\/#respond\"]}]},{\"@type\":\"WebPage\",\"@id\":\"https:\\\/\\\/martorelli.com.br\\\/dialogoslegais\\\/amizades-profissionais-tambem-constroem-carreira\\\/\",\"url\":\"https:\\\/\\\/martorelli.com.br\\\/dialogoslegais\\\/amizades-profissionais-tambem-constroem-carreira\\\/\",\"name\":\"Amizades profissionais tamb\u00e9m constroem carreira - Blog Di\u00e1logos Legais\",\"isPartOf\":{\"@id\":\"https:\\\/\\\/martorelli.com.br\\\/dialogoslegais\\\/#website\"},\"datePublished\":\"2026-07-07T11:51:33+00:00\",\"dateModified\":\"2026-07-07T11:51:34+00:00\",\"breadcrumb\":{\"@id\":\"https:\\\/\\\/martorelli.com.br\\\/dialogoslegais\\\/amizades-profissionais-tambem-constroem-carreira\\\/#breadcrumb\"},\"inLanguage\":\"pt-PT\",\"potentialAction\":[{\"@type\":\"ReadAction\",\"target\":[\"https:\\\/\\\/martorelli.com.br\\\/dialogoslegais\\\/amizades-profissionais-tambem-constroem-carreira\\\/\"]}]},{\"@type\":\"BreadcrumbList\",\"@id\":\"https:\\\/\\\/martorelli.com.br\\\/dialogoslegais\\\/amizades-profissionais-tambem-constroem-carreira\\\/#breadcrumb\",\"itemListElement\":[{\"@type\":\"ListItem\",\"position\":1,\"name\":\"In\u00edcio\",\"item\":\"https:\\\/\\\/martorelli.com.br\\\/dialogoslegais\\\/\"},{\"@type\":\"ListItem\",\"position\":2,\"name\":\"Amizades profissionais tamb\u00e9m constroem carreira\"}]},{\"@type\":\"WebSite\",\"@id\":\"https:\\\/\\\/martorelli.com.br\\\/dialogoslegais\\\/#website\",\"url\":\"https:\\\/\\\/martorelli.com.br\\\/dialogoslegais\\\/\",\"name\":\"Blog Di\u00e1logos Legais\",\"description\":\"Rela\u00e7\u00f5es Inspiradoras. Advocacia em Movimento.\",\"publisher\":{\"@id\":\"https:\\\/\\\/martorelli.com.br\\\/dialogoslegais\\\/#organization\"},\"potentialAction\":[{\"@type\":\"SearchAction\",\"target\":{\"@type\":\"EntryPoint\",\"urlTemplate\":\"https:\\\/\\\/martorelli.com.br\\\/dialogoslegais\\\/?s={search_term_string}\"},\"query-input\":{\"@type\":\"PropertyValueSpecification\",\"valueRequired\":true,\"valueName\":\"search_term_string\"}}],\"inLanguage\":\"pt-PT\"},{\"@type\":\"Organization\",\"@id\":\"https:\\\/\\\/martorelli.com.br\\\/dialogoslegais\\\/#organization\",\"name\":\"Blog Di\u00e1logos Legais\",\"url\":\"https:\\\/\\\/martorelli.com.br\\\/dialogoslegais\\\/\",\"logo\":{\"@type\":\"ImageObject\",\"inLanguage\":\"pt-PT\",\"@id\":\"https:\\\/\\\/martorelli.com.br\\\/dialogoslegais\\\/#\\\/schema\\\/logo\\\/image\\\/\",\"url\":\"https:\\\/\\\/martorelli.com.br\\\/dialogoslegais\\\/wp-content\\\/uploads\\\/2024\\\/01\\\/Prancheta-1-scaled.webp\",\"contentUrl\":\"https:\\\/\\\/martorelli.com.br\\\/dialogoslegais\\\/wp-content\\\/uploads\\\/2024\\\/01\\\/Prancheta-1-scaled.webp\",\"width\":2560,\"height\":2560,\"caption\":\"Blog Di\u00e1logos Legais\"},\"image\":{\"@id\":\"https:\\\/\\\/martorelli.com.br\\\/dialogoslegais\\\/#\\\/schema\\\/logo\\\/image\\\/\"},\"sameAs\":[\"https:\\\/\\\/www.instagram.com\\\/martorelliadvogados\\\/\"]},{\"@type\":\"Person\",\"@id\":\"https:\\\/\\\/martorelli.com.br\\\/dialogoslegais\\\/#\\\/schema\\\/person\\\/cd91f2df3da16aa738077c2dd4205c85\",\"name\":\"Martorelli Advogados\",\"image\":{\"@type\":\"ImageObject\",\"inLanguage\":\"pt-PT\",\"@id\":\"https:\\\/\\\/secure.gravatar.com\\\/avatar\\\/?s=96&d=mm&r=g23494c9101089ad44ae88ce9d2f56aac\",\"url\":\"https:\\\/\\\/secure.gravatar.com\\\/avatar\\\/?s=96&d=mm&r=g\",\"contentUrl\":\"https:\\\/\\\/secure.gravatar.com\\\/avatar\\\/?s=96&d=mm&r=g\",\"caption\":\"Martorelli Advogados\"},\"url\":\"https:\\\/\\\/martorelli.com.br\\\/dialogoslegais\\\/author\\\/marciar\\\/\"}]}<\/script>\n<!-- \/ Yoast SEO plugin. -->","yoast_head_json":{"title":"Amizades profissionais tamb\u00e9m constroem carreira - Blog Di\u00e1logos Legais","robots":{"index":"index","follow":"follow","max-snippet":"max-snippet:-1","max-image-preview":"max-image-preview:large","max-video-preview":"max-video-preview:-1"},"canonical":"https:\/\/martorelli.com.br\/dialogoslegais\/amizades-profissionais-tambem-constroem-carreira\/","og_locale":"pt_PT","og_type":"article","og_title":"Amizades profissionais tamb\u00e9m constroem carreira - Blog Di\u00e1logos Legais","og_description":"Por muito tempo, fomos ensinados a separar afeto e trabalho como se essa dist\u00e2ncia fosse sinal de maturidade profissional. No Direito, talvez isso apare\u00e7a ainda com mais for\u00e7a. A t\u00e9cnica, a confidencialidade, a press\u00e3o por resultado e a formalidade da profiss\u00e3o muitas vezes criam a impress\u00e3o de que v\u00ednculos pessoais precisam ficar do lado de [&hellip;]","og_url":"https:\/\/martorelli.com.br\/dialogoslegais\/amizades-profissionais-tambem-constroem-carreira\/","og_site_name":"Blog Di\u00e1logos Legais","article_published_time":"2026-07-07T11:51:33+00:00","article_modified_time":"2026-07-07T11:51:34+00:00","author":"Martorelli Advogados","twitter_card":"summary_large_image","twitter_misc":{"Escrito por":"Martorelli Advogados","Tempo estimado de leitura":"3 minutos"},"schema":{"@context":"https:\/\/schema.org","@graph":[{"@type":"Article","@id":"https:\/\/martorelli.com.br\/dialogoslegais\/amizades-profissionais-tambem-constroem-carreira\/#article","isPartOf":{"@id":"https:\/\/martorelli.com.br\/dialogoslegais\/amizades-profissionais-tambem-constroem-carreira\/"},"author":{"name":"Martorelli Advogados","@id":"https:\/\/martorelli.com.br\/dialogoslegais\/#\/schema\/person\/cd91f2df3da16aa738077c2dd4205c85"},"headline":"Amizades profissionais tamb\u00e9m constroem carreira","datePublished":"2026-07-07T11:51:33+00:00","dateModified":"2026-07-07T11:51:34+00:00","mainEntityOfPage":{"@id":"https:\/\/martorelli.com.br\/dialogoslegais\/amizades-profissionais-tambem-constroem-carreira\/"},"wordCount":452,"commentCount":0,"publisher":{"@id":"https:\/\/martorelli.com.br\/dialogoslegais\/#organization"},"articleSection":["Institucional"],"inLanguage":"pt-PT","potentialAction":[{"@type":"CommentAction","name":"Comment","target":["https:\/\/martorelli.com.br\/dialogoslegais\/amizades-profissionais-tambem-constroem-carreira\/#respond"]}]},{"@type":"WebPage","@id":"https:\/\/martorelli.com.br\/dialogoslegais\/amizades-profissionais-tambem-constroem-carreira\/","url":"https:\/\/martorelli.com.br\/dialogoslegais\/amizades-profissionais-tambem-constroem-carreira\/","name":"Amizades profissionais tamb\u00e9m constroem carreira - Blog Di\u00e1logos Legais","isPartOf":{"@id":"https:\/\/martorelli.com.br\/dialogoslegais\/#website"},"datePublished":"2026-07-07T11:51:33+00:00","dateModified":"2026-07-07T11:51:34+00:00","breadcrumb":{"@id":"https:\/\/martorelli.com.br\/dialogoslegais\/amizades-profissionais-tambem-constroem-carreira\/#breadcrumb"},"inLanguage":"pt-PT","potentialAction":[{"@type":"ReadAction","target":["https:\/\/martorelli.com.br\/dialogoslegais\/amizades-profissionais-tambem-constroem-carreira\/"]}]},{"@type":"BreadcrumbList","@id":"https:\/\/martorelli.com.br\/dialogoslegais\/amizades-profissionais-tambem-constroem-carreira\/#breadcrumb","itemListElement":[{"@type":"ListItem","position":1,"name":"In\u00edcio","item":"https:\/\/martorelli.com.br\/dialogoslegais\/"},{"@type":"ListItem","position":2,"name":"Amizades profissionais tamb\u00e9m constroem carreira"}]},{"@type":"WebSite","@id":"https:\/\/martorelli.com.br\/dialogoslegais\/#website","url":"https:\/\/martorelli.com.br\/dialogoslegais\/","name":"Blog Di\u00e1logos Legais","description":"Rela\u00e7\u00f5es Inspiradoras. Advocacia em Movimento.","publisher":{"@id":"https:\/\/martorelli.com.br\/dialogoslegais\/#organization"},"potentialAction":[{"@type":"SearchAction","target":{"@type":"EntryPoint","urlTemplate":"https:\/\/martorelli.com.br\/dialogoslegais\/?s={search_term_string}"},"query-input":{"@type":"PropertyValueSpecification","valueRequired":true,"valueName":"search_term_string"}}],"inLanguage":"pt-PT"},{"@type":"Organization","@id":"https:\/\/martorelli.com.br\/dialogoslegais\/#organization","name":"Blog Di\u00e1logos Legais","url":"https:\/\/martorelli.com.br\/dialogoslegais\/","logo":{"@type":"ImageObject","inLanguage":"pt-PT","@id":"https:\/\/martorelli.com.br\/dialogoslegais\/#\/schema\/logo\/image\/","url":"https:\/\/martorelli.com.br\/dialogoslegais\/wp-content\/uploads\/2024\/01\/Prancheta-1-scaled.webp","contentUrl":"https:\/\/martorelli.com.br\/dialogoslegais\/wp-content\/uploads\/2024\/01\/Prancheta-1-scaled.webp","width":2560,"height":2560,"caption":"Blog Di\u00e1logos Legais"},"image":{"@id":"https:\/\/martorelli.com.br\/dialogoslegais\/#\/schema\/logo\/image\/"},"sameAs":["https:\/\/www.instagram.com\/martorelliadvogados\/"]},{"@type":"Person","@id":"https:\/\/martorelli.com.br\/dialogoslegais\/#\/schema\/person\/cd91f2df3da16aa738077c2dd4205c85","name":"Martorelli Advogados","image":{"@type":"ImageObject","inLanguage":"pt-PT","@id":"https:\/\/secure.gravatar.com\/avatar\/?s=96&d=mm&r=g23494c9101089ad44ae88ce9d2f56aac","url":"https:\/\/secure.gravatar.com\/avatar\/?s=96&d=mm&r=g","contentUrl":"https:\/\/secure.gravatar.com\/avatar\/?s=96&d=mm&r=g","caption":"Martorelli Advogados"},"url":"https:\/\/martorelli.com.br\/dialogoslegais\/author\/marciar\/"}]}},"authors":[{"term_id":33,"user_id":5,"is_guest":0,"slug":"marciar","display_name":"Martorelli Advogados","avatar_url":"https:\/\/secure.gravatar.com\/avatar\/?s=96&d=mm&r=g","0":null,"1":"","2":"","3":"","4":"","5":"","6":"","7":"","8":""}],"_links":{"self":[{"href":"https:\/\/martorelli.com.br\/dialogoslegais\/wp-json\/wp\/v2\/posts\/1976","targetHints":{"allow":["GET"]}}],"collection":[{"href":"https:\/\/martorelli.com.br\/dialogoslegais\/wp-json\/wp\/v2\/posts"}],"about":[{"href":"https:\/\/martorelli.com.br\/dialogoslegais\/wp-json\/wp\/v2\/types\/post"}],"author":[{"embeddable":true,"href":"https:\/\/martorelli.com.br\/dialogoslegais\/wp-json\/wp\/v2\/users\/5"}],"replies":[{"embeddable":true,"href":"https:\/\/martorelli.com.br\/dialogoslegais\/wp-json\/wp\/v2\/comments?post=1976"}],"version-history":[{"count":1,"href":"https:\/\/martorelli.com.br\/dialogoslegais\/wp-json\/wp\/v2\/posts\/1976\/revisions"}],"predecessor-version":[{"id":1977,"href":"https:\/\/martorelli.com.br\/dialogoslegais\/wp-json\/wp\/v2\/posts\/1976\/revisions\/1977"}],"wp:attachment":[{"href":"https:\/\/martorelli.com.br\/dialogoslegais\/wp-json\/wp\/v2\/media?parent=1976"}],"wp:term":[{"taxonomy":"category","embeddable":true,"href":"https:\/\/martorelli.com.br\/dialogoslegais\/wp-json\/wp\/v2\/categories?post=1976"},{"taxonomy":"post_tag","embeddable":true,"href":"https:\/\/martorelli.com.br\/dialogoslegais\/wp-json\/wp\/v2\/tags?post=1976"},{"taxonomy":"author","embeddable":true,"href":"https:\/\/martorelli.com.br\/dialogoslegais\/wp-json\/wp\/v2\/ppma_author?post=1976"}],"curies":[{"name":"wp","href":"https:\/\/api.w.org\/{rel}","templated":true}]}}