{"id":2057,"date":"2026-08-21T17:23:10","date_gmt":"2026-08-21T17:23:10","guid":{"rendered":"https:\/\/martorelli.com.br\/dialogoslegais\/?p=2057"},"modified":"2026-08-22T01:41:41","modified_gmt":"2026-08-22T01:41:41","slug":"justica-manda-casas-bahia-reverter-demissoes-veja-como-ficam-os-funcionarios","status":"publish","type":"post","link":"https:\/\/martorelli.com.br\/dialogoslegais\/justica-manda-casas-bahia-reverter-demissoes-veja-como-ficam-os-funcionarios\/","title":{"rendered":"Justi\u00e7a manda Casas Bahia reverter demiss\u00f5es; veja como ficam os funcion\u00e1rios"},"content":{"rendered":"\n<p class=\"wp-block-paragraph\">A Justi\u00e7a do Trabalho determinou, em decis\u00e3o liminar, o restabelecimento provis\u00f3rio dos contratos de trabalhadores desligados pelo Grupo Casas Bahia durante uma nova rodada de cortes realizada em agosto, al\u00e9m da suspens\u00e3o dos efeitos das dispensas coletivas relacionadas \u00e0 chamada \u201cFase 2\u201d do Plano de Transforma\u00e7\u00e3o da companhia.<\/p>\n\n\n\n<p class=\"wp-block-paragraph\" data-burst-goal=\"burst-bb41c02a\">A decis\u00e3o foi proferida pela ju\u00edza Katarina Roberta Mousinho de Matos, em a\u00e7\u00e3o proposta pela Confedera\u00e7\u00e3o Nacional dos Trabalhadores no Com\u00e9rcio (CNTC).<\/p>\n\n\n\n<p class=\"wp-block-paragraph\">A medida tem car\u00e1ter provis\u00f3rio e foi tomada a partir de uma an\u00e1lise inicial do caso. Portanto, n\u00e3o representa ainda uma decis\u00e3o definitiva sobre a validade das dispensas realizadas pela companhia.<\/p>\n\n\n\n<p class=\"wp-block-paragraph\">A discuss\u00e3o envolve um n\u00famero de trabalhadores que ainda ser\u00e1 definido ao longo do processo. A CNTC aponta que aproximadamente 1,9 mil empregados foram desligados nos dias 13 e 14 de agosto. J\u00e1 o Grupo Casas Bahia informou, em seu pedido de recupera\u00e7\u00e3o judicial, que cerca de 3 mil trabalhadores foram desligados nesta nova etapa da reestrutura\u00e7\u00e3o.<\/p>\n\n\n\n<p class=\"wp-block-paragraph\">Al\u00e9m do restabelecimento tempor\u00e1rio dos v\u00ednculos, a decis\u00e3o pro\u00edbe a realiza\u00e7\u00e3o de novas dispensas coletivas relacionadas \u00e0 reestrutura\u00e7\u00e3o sem a pr\u00e9via interven\u00e7\u00e3o das entidades sindicais.<\/p>\n\n\n\n<h2 class=\"wp-block-heading\">Reestrutura\u00e7\u00e3o empresarial e participa\u00e7\u00e3o sindical<\/h2>\n\n\n\n<p class=\"wp-block-paragraph\">Para Marcello Burle, s\u00f3cio s\u00eanior da \u00e1rea Trabalhista de Martorelli Advogados, a decis\u00e3o coloca em evid\u00eancia um debate relevante sobre os limites da reestrutura\u00e7\u00e3o empresarial e as garantias relacionadas \u00e0 participa\u00e7\u00e3o sindical nos processos de dispensas em massa.<\/p>\n\n\n\n<blockquote class=\"wp-block-quote is-layout-flow wp-block-quote-is-layout-flow\">\n<p class=\"wp-block-paragraph\">\u201cA recente decis\u00e3o judicial traz \u00e0 tona um importante debate sobre os limites da reestrutura\u00e7\u00e3o empresarial e as garantias sindicais.\u201d<\/p>\n<\/blockquote>\n\n\n\n<p class=\"wp-block-paragraph\">Segundo o advogado, um dos principais fundamentos jur\u00eddicos discutidos no caso est\u00e1 relacionado ao Tema 638 do Supremo Tribunal Federal (STF), que trata da necessidade de interven\u00e7\u00e3o sindical pr\u00e9via nas dispensas coletivas.<\/p>\n\n\n\n<p class=\"wp-block-paragraph\">A discuss\u00e3o, portanto, n\u00e3o se limita \u00e0 situa\u00e7\u00e3o financeira enfrentada pela companhia, mas tamb\u00e9m alcan\u00e7a a forma como processos de reorganiza\u00e7\u00e3o empresarial devem ser conduzidos quando envolvem desligamentos em larga escala.<\/p>\n\n\n\n<h2 class=\"wp-block-heading\">Restabelecimento provis\u00f3rio dos contratos<\/h2>\n\n\n\n<p class=\"wp-block-paragraph\">A decis\u00e3o estabelece o prazo de cinco dias, contados da intima\u00e7\u00e3o, para que a empresa restabele\u00e7a provisoriamente os v\u00ednculos dos trabalhadores abrangidos pelas dispensas realizadas nos dias 13 e 14 de agosto, bem como daqueles desligados at\u00e9 17 de agosto que fa\u00e7am parte da mesma opera\u00e7\u00e3o coletiva.<\/p>\n\n\n\n<p class=\"wp-block-paragraph\">Na pr\u00e1tica, os trabalhadores dever\u00e3o voltar \u00e0 folha de pagamento, com o restabelecimento dos direitos e benef\u00edcios vinculados aos contratos de trabalho.<\/p>\n\n\n\n<p class=\"wp-block-paragraph\">A medida, no entanto, n\u00e3o significa necessariamente o retorno imediato de todos os empregados aos antigos postos de trabalho. A empresa poder\u00e1 avaliar alternativas como a realoca\u00e7\u00e3o dos trabalhadores ou a manuten\u00e7\u00e3o dos empregados em afastamento remunerado enquanto a decis\u00e3o estiver em vigor.<\/p>\n\n\n\n<p class=\"wp-block-paragraph\">Os planos de sa\u00fade e demais benef\u00edcios assistenciais eventualmente cancelados em raz\u00e3o das demiss\u00f5es tamb\u00e9m dever\u00e3o ser reativados.<\/p>\n\n\n\n<p class=\"wp-block-paragraph\">Outro ponto relevante \u00e9 que os trabalhadores que j\u00e1 receberam verbas rescis\u00f3rias n\u00e3o precisar\u00e3o devolver os valores neste momento. Eventuais compensa\u00e7\u00f5es, restitui\u00e7\u00f5es ou outros ajustes financeiros dever\u00e3o ser discutidos posteriormente no decorrer do processo.<\/p>\n\n\n\n<h2 class=\"wp-block-heading\">Empresa dever\u00e1 iniciar procedimento de interven\u00e7\u00e3o sindical<\/h2>\n\n\n\n<p class=\"wp-block-paragraph\">Al\u00e9m do restabelecimento provis\u00f3rio dos contratos, a decis\u00e3o determina que o Grupo Casas Bahia convoque a CNTC, as federa\u00e7\u00f5es e os sindicatos representantes das bases atingidas pela reestrutura\u00e7\u00e3o para iniciar formalmente o procedimento de interven\u00e7\u00e3o sindical relacionado \u00e0 Fase 2 do Plano de Transforma\u00e7\u00e3o.<\/p>\n\n\n\n<p class=\"wp-block-paragraph\">A companhia dever\u00e1 apresentar informa\u00e7\u00f5es sobre os principais aspectos da reestrutura\u00e7\u00e3o, incluindo:<\/p>\n\n\n\n<ul class=\"wp-block-list\">\n<li>unidades afetadas;<\/li>\n\n\n\n<li>quantidade de postos de trabalho atingidos;<\/li>\n\n\n\n<li>etapas j\u00e1 executadas;<\/li>\n\n\n\n<li>fases ainda previstas;<\/li>\n\n\n\n<li>alternativas de realoca\u00e7\u00e3o consideradas.<\/li>\n<\/ul>\n\n\n\n<p class=\"wp-block-paragraph\">A decis\u00e3o n\u00e3o obriga a empresa e as entidades sindicais a chegarem necessariamente a um acordo. A determina\u00e7\u00e3o est\u00e1 relacionada \u00e0 abertura de um processo formal de di\u00e1logo, negocia\u00e7\u00e3o e compartilhamento de informa\u00e7\u00f5es.<\/p>\n\n\n\n<h2 class=\"wp-block-heading\">Preserva\u00e7\u00e3o de documentos tamb\u00e9m est\u00e1 entre as determina\u00e7\u00f5es<\/h2>\n\n\n\n<p class=\"wp-block-paragraph\">Outro ponto central da decis\u00e3o envolve a preserva\u00e7\u00e3o de documentos e registros relacionados \u00e0 Fase 2 da reestrutura\u00e7\u00e3o.<\/p>\n\n\n\n<p class=\"wp-block-paragraph\">A ordem alcan\u00e7a, entre outros materiais, e-mails corporativos, mensagens internas, planilhas, documentos de recursos humanos, arquivos em nuvem, backups, registros de folha de pagamento e hist\u00f3ricos de altera\u00e7\u00f5es relacionados ao fechamento de lojas e aos desligamentos.<\/p>\n\n\n\n<p class=\"wp-block-paragraph\">Segundo Marcello Burle, a preserva\u00e7\u00e3o das provas \u00e9 uma das quest\u00f5es relevantes no processo.<\/p>\n\n\n\n<p class=\"wp-block-paragraph\">O procedimento busca assegurar a manuten\u00e7\u00e3o de documentos e dados eletr\u00f4nicos que possam ser relevantes para a apura\u00e7\u00e3o dos fatos discutidos judicialmente.<\/p>\n\n\n\n<p class=\"wp-block-paragraph\">Tamb\u00e9m foram fixadas multas para diferentes hip\u00f3teses de descumprimento da decis\u00e3o, incluindo a n\u00e3o observ\u00e2ncia dos prazos para restabelecimento dos contratos e a realiza\u00e7\u00e3o de novas dispensas coletivas relacionadas \u00e0 Fase 2 sem a pr\u00e9via interven\u00e7\u00e3o sindical.<\/p>\n\n\n\n<p class=\"wp-block-paragraph\">Na avalia\u00e7\u00e3o do s\u00f3cio de Martorelli Advogados, essas multas possuem natureza coercitiva.<\/p>\n\n\n\n<blockquote class=\"wp-block-quote is-layout-flow wp-block-quote-is-layout-flow\">\n<p class=\"wp-block-paragraph\">\u201cO objetivo das multas fixadas em decis\u00f5es dessa natureza \u00e9 assegurar o cumprimento da ordem judicial, e n\u00e3o necessariamente punir uma conduta passada.\u201d<\/p>\n<\/blockquote>\n\n\n\n<p class=\"wp-block-paragraph\">No caso das dispensas coletivas, a discuss\u00e3o est\u00e1 diretamente relacionada ao suposto descumprimento das regras estabelecidas pelo Supremo Tribunal Federal para situa\u00e7\u00f5es envolvendo desligamentos em massa.<\/p>\n\n\n\n<h2 class=\"wp-block-heading\">Recupera\u00e7\u00e3o judicial n\u00e3o impede an\u00e1lise da Justi\u00e7a do Trabalho<\/h2>\n\n\n\n<p class=\"wp-block-paragraph\">A decis\u00e3o trabalhista ocorre em meio ao agravamento da crise financeira do Grupo Casas Bahia.<\/p>\n\n\n\n<p class=\"wp-block-paragraph\">Em agosto, a companhia apresentou pedido de recupera\u00e7\u00e3o judicial para renegociar suas d\u00edvidas e reorganizar suas atividades. A empresa atribui suas dificuldades financeiras, entre outros fatores, ao per\u00edodo prolongado de juros elevados, ao aumento da inadimpl\u00eancia, \u00e0 redu\u00e7\u00e3o do consumo de bens dur\u00e1veis e \u00e0s mudan\u00e7as no comportamento dos consumidores.<\/p>\n\n\n\n<p class=\"wp-block-paragraph\">Segundo informa\u00e7\u00f5es apresentadas no processo de recupera\u00e7\u00e3o judicial, a companhia vem promovendo uma ampla reestrutura\u00e7\u00e3o desde 2023, com fechamento de unidades e redu\u00e7\u00e3o do quadro de pessoal.<\/p>\n\n\n\n<p class=\"wp-block-paragraph\">A recupera\u00e7\u00e3o judicial, contudo, n\u00e3o impede que a Justi\u00e7a do Trabalho analise se os desligamentos realizados observaram as regras aplic\u00e1veis \u00e0s dispensas coletivas.<\/p>\n\n\n\n<p class=\"wp-block-paragraph\">Por esse motivo, foi determinada a comunica\u00e7\u00e3o \u00e0 vara respons\u00e1vel pelo processo de recupera\u00e7\u00e3o judicial, permitindo a coopera\u00e7\u00e3o entre os processos.<\/p>\n\n\n\n<h2 class=\"wp-block-heading\">Debate continua<\/h2>\n\n\n\n<p class=\"wp-block-paragraph\">A decis\u00e3o ainda n\u00e3o encerra a discuss\u00e3o sobre as demiss\u00f5es realizadas pelo Grupo Casas Bahia.<\/p>\n\n\n\n<p class=\"wp-block-paragraph\">Por se tratar de uma liminar, a medida foi concedida com base em uma an\u00e1lise inicial dos fatos e poder\u00e1 ser revista ao longo do processo, ap\u00f3s a apresenta\u00e7\u00e3o da defesa da empresa e a produ\u00e7\u00e3o de novas provas.<\/p>\n\n\n\n<p class=\"wp-block-paragraph\">O caso chama aten\u00e7\u00e3o para um tema que ganha relev\u00e2ncia em cen\u00e1rios de crise e reorganiza\u00e7\u00e3o empresarial: a necessidade de conciliar estrat\u00e9gias de reestrutura\u00e7\u00e3o com as garantias jur\u00eddicas aplic\u00e1veis aos trabalhadores e a participa\u00e7\u00e3o das entidades sindicais em processos de dispensas coletivas.<\/p>\n\n\n\n<p class=\"wp-block-paragraph\">Para Marcello Burle, o desdobramento do caso refor\u00e7a a import\u00e2ncia de uma an\u00e1lise cuidadosa dos aspectos trabalhistas e sindicais envolvidos em processos de transforma\u00e7\u00e3o empresarial, especialmente quando as medidas adotadas possuem impacto coletivo sobre os trabalhadores.<\/p>\n\n\n\n<p class=\"wp-block-paragraph\"><\/p>\n","protected":false},"excerpt":{"rendered":"<p>A Justi\u00e7a do Trabalho determinou, em decis\u00e3o liminar, o restabelecimento provis\u00f3rio dos contratos de trabalhadores desligados pelo Grupo Casas Bahia durante uma nova rodada de cortes realizada em agosto, al\u00e9m da suspens\u00e3o dos efeitos das dispensas coletivas relacionadas \u00e0 chamada \u201cFase 2\u201d do Plano de Transforma\u00e7\u00e3o da companhia. A decis\u00e3o foi proferida pela ju\u00edza Katarina [&hellip;]<\/p>\n","protected":false},"author":5,"featured_media":2058,"comment_status":"open","ping_status":"closed","sticky":false,"template":"","format":"standard","meta":{"footnotes":""},"categories":[1],"tags":[],"ppma_author":[33],"class_list":["post-2057","post","type-post","status-publish","format-standard","has-post-thumbnail","hentry","category-trabalhista"],"yoast_head":"<!-- This site is optimized with the Yoast SEO plugin v27.5 - https:\/\/yoast.com\/product\/yoast-seo-wordpress\/ -->\n<title>Justi\u00e7a manda Casas Bahia reverter demiss\u00f5es; veja como ficam os funcion\u00e1rios - Blog Di\u00e1logos Legais<\/title>\n<meta name=\"robots\" content=\"index, follow, max-snippet:-1, max-image-preview:large, max-video-preview:-1\" \/>\n<link rel=\"canonical\" href=\"https:\/\/martorelli.com.br\/dialogoslegais\/justica-manda-casas-bahia-reverter-demissoes-veja-como-ficam-os-funcionarios\/\" \/>\n<meta property=\"og:locale\" content=\"pt_PT\" \/>\n<meta property=\"og:type\" content=\"article\" \/>\n<meta property=\"og:title\" content=\"Justi\u00e7a manda Casas Bahia reverter demiss\u00f5es; veja como ficam os funcion\u00e1rios - Blog Di\u00e1logos Legais\" \/>\n<meta property=\"og:description\" content=\"A Justi\u00e7a do Trabalho determinou, em decis\u00e3o liminar, o restabelecimento provis\u00f3rio dos contratos de trabalhadores desligados pelo Grupo Casas Bahia durante uma nova rodada de cortes realizada em agosto, al\u00e9m da suspens\u00e3o dos efeitos das dispensas coletivas relacionadas \u00e0 chamada \u201cFase 2\u201d do Plano de Transforma\u00e7\u00e3o da companhia. A decis\u00e3o foi proferida pela ju\u00edza Katarina [&hellip;]\" \/>\n<meta property=\"og:url\" content=\"https:\/\/martorelli.com.br\/dialogoslegais\/justica-manda-casas-bahia-reverter-demissoes-veja-como-ficam-os-funcionarios\/\" \/>\n<meta property=\"og:site_name\" content=\"Blog Di\u00e1logos Legais\" \/>\n<meta property=\"article:published_time\" content=\"2026-08-21T17:23:10+00:00\" \/>\n<meta property=\"article:modified_time\" content=\"2026-08-22T01:41:41+00:00\" \/>\n<meta property=\"og:image\" content=\"https:\/\/martorelli.com.br\/dialogoslegais\/wp-content\/uploads\/2026\/08\/Padrao-Blog-Site-MA-50-1024x683.png\" \/>\n\t<meta property=\"og:image:width\" content=\"1024\" \/>\n\t<meta property=\"og:image:height\" content=\"683\" \/>\n\t<meta property=\"og:image:type\" content=\"image\/png\" \/>\n<meta name=\"author\" content=\"Martorelli Advogados\" \/>\n<meta name=\"twitter:card\" content=\"summary_large_image\" \/>\n<meta name=\"twitter:label1\" content=\"Escrito por\" \/>\n\t<meta name=\"twitter:data1\" content=\"Martorelli Advogados\" \/>\n\t<meta name=\"twitter:label2\" content=\"Tempo estimado de leitura\" \/>\n\t<meta name=\"twitter:data2\" content=\"6 minutos\" \/>\n<script type=\"application\/ld+json\" class=\"yoast-schema-graph\">{\"@context\":\"https:\\\/\\\/schema.org\",\"@graph\":[{\"@type\":\"Article\",\"@id\":\"https:\\\/\\\/martorelli.com.br\\\/dialogoslegais\\\/justica-manda-casas-bahia-reverter-demissoes-veja-como-ficam-os-funcionarios\\\/#article\",\"isPartOf\":{\"@id\":\"https:\\\/\\\/martorelli.com.br\\\/dialogoslegais\\\/justica-manda-casas-bahia-reverter-demissoes-veja-como-ficam-os-funcionarios\\\/\"},\"author\":{\"name\":\"Martorelli Advogados\",\"@id\":\"https:\\\/\\\/martorelli.com.br\\\/dialogoslegais\\\/#\\\/schema\\\/person\\\/cd91f2df3da16aa738077c2dd4205c85\"},\"headline\":\"Justi\u00e7a manda Casas Bahia reverter demiss\u00f5es; veja como ficam os funcion\u00e1rios\",\"datePublished\":\"2026-08-21T17:23:10+00:00\",\"dateModified\":\"2026-08-22T01:41:41+00:00\",\"mainEntityOfPage\":{\"@id\":\"https:\\\/\\\/martorelli.com.br\\\/dialogoslegais\\\/justica-manda-casas-bahia-reverter-demissoes-veja-como-ficam-os-funcionarios\\\/\"},\"wordCount\":1216,\"commentCount\":0,\"publisher\":{\"@id\":\"https:\\\/\\\/martorelli.com.br\\\/dialogoslegais\\\/#organization\"},\"image\":{\"@id\":\"https:\\\/\\\/martorelli.com.br\\\/dialogoslegais\\\/justica-manda-casas-bahia-reverter-demissoes-veja-como-ficam-os-funcionarios\\\/#primaryimage\"},\"thumbnailUrl\":\"https:\\\/\\\/martorelli.com.br\\\/dialogoslegais\\\/wp-content\\\/uploads\\\/2026\\\/08\\\/Padrao-Blog-Site-MA-50.png\",\"articleSection\":[\"Trabalhista\"],\"inLanguage\":\"pt-PT\",\"potentialAction\":[{\"@type\":\"CommentAction\",\"name\":\"Comment\",\"target\":[\"https:\\\/\\\/martorelli.com.br\\\/dialogoslegais\\\/justica-manda-casas-bahia-reverter-demissoes-veja-como-ficam-os-funcionarios\\\/#respond\"]}]},{\"@type\":\"WebPage\",\"@id\":\"https:\\\/\\\/martorelli.com.br\\\/dialogoslegais\\\/justica-manda-casas-bahia-reverter-demissoes-veja-como-ficam-os-funcionarios\\\/\",\"url\":\"https:\\\/\\\/martorelli.com.br\\\/dialogoslegais\\\/justica-manda-casas-bahia-reverter-demissoes-veja-como-ficam-os-funcionarios\\\/\",\"name\":\"Justi\u00e7a manda Casas Bahia reverter demiss\u00f5es; veja como ficam os funcion\u00e1rios - Blog Di\u00e1logos Legais\",\"isPartOf\":{\"@id\":\"https:\\\/\\\/martorelli.com.br\\\/dialogoslegais\\\/#website\"},\"primaryImageOfPage\":{\"@id\":\"https:\\\/\\\/martorelli.com.br\\\/dialogoslegais\\\/justica-manda-casas-bahia-reverter-demissoes-veja-como-ficam-os-funcionarios\\\/#primaryimage\"},\"image\":{\"@id\":\"https:\\\/\\\/martorelli.com.br\\\/dialogoslegais\\\/justica-manda-casas-bahia-reverter-demissoes-veja-como-ficam-os-funcionarios\\\/#primaryimage\"},\"thumbnailUrl\":\"https:\\\/\\\/martorelli.com.br\\\/dialogoslegais\\\/wp-content\\\/uploads\\\/2026\\\/08\\\/Padrao-Blog-Site-MA-50.png\",\"datePublished\":\"2026-08-21T17:23:10+00:00\",\"dateModified\":\"2026-08-22T01:41:41+00:00\",\"breadcrumb\":{\"@id\":\"https:\\\/\\\/martorelli.com.br\\\/dialogoslegais\\\/justica-manda-casas-bahia-reverter-demissoes-veja-como-ficam-os-funcionarios\\\/#breadcrumb\"},\"inLanguage\":\"pt-PT\",\"potentialAction\":[{\"@type\":\"ReadAction\",\"target\":[\"https:\\\/\\\/martorelli.com.br\\\/dialogoslegais\\\/justica-manda-casas-bahia-reverter-demissoes-veja-como-ficam-os-funcionarios\\\/\"]}]},{\"@type\":\"ImageObject\",\"inLanguage\":\"pt-PT\",\"@id\":\"https:\\\/\\\/martorelli.com.br\\\/dialogoslegais\\\/justica-manda-casas-bahia-reverter-demissoes-veja-como-ficam-os-funcionarios\\\/#primaryimage\",\"url\":\"https:\\\/\\\/martorelli.com.br\\\/dialogoslegais\\\/wp-content\\\/uploads\\\/2026\\\/08\\\/Padrao-Blog-Site-MA-50.png\",\"contentUrl\":\"https:\\\/\\\/martorelli.com.br\\\/dialogoslegais\\\/wp-content\\\/uploads\\\/2026\\\/08\\\/Padrao-Blog-Site-MA-50.png\",\"width\":2560,\"height\":1707},{\"@type\":\"BreadcrumbList\",\"@id\":\"https:\\\/\\\/martorelli.com.br\\\/dialogoslegais\\\/justica-manda-casas-bahia-reverter-demissoes-veja-como-ficam-os-funcionarios\\\/#breadcrumb\",\"itemListElement\":[{\"@type\":\"ListItem\",\"position\":1,\"name\":\"In\u00edcio\",\"item\":\"https:\\\/\\\/martorelli.com.br\\\/dialogoslegais\\\/\"},{\"@type\":\"ListItem\",\"position\":2,\"name\":\"Justi\u00e7a manda Casas Bahia reverter demiss\u00f5es; veja como ficam os funcion\u00e1rios\"}]},{\"@type\":\"WebSite\",\"@id\":\"https:\\\/\\\/martorelli.com.br\\\/dialogoslegais\\\/#website\",\"url\":\"https:\\\/\\\/martorelli.com.br\\\/dialogoslegais\\\/\",\"name\":\"Blog Di\u00e1logos Legais\",\"description\":\"Rela\u00e7\u00f5es Inspiradoras. Advocacia em Movimento.\",\"publisher\":{\"@id\":\"https:\\\/\\\/martorelli.com.br\\\/dialogoslegais\\\/#organization\"},\"potentialAction\":[{\"@type\":\"SearchAction\",\"target\":{\"@type\":\"EntryPoint\",\"urlTemplate\":\"https:\\\/\\\/martorelli.com.br\\\/dialogoslegais\\\/?s={search_term_string}\"},\"query-input\":{\"@type\":\"PropertyValueSpecification\",\"valueRequired\":true,\"valueName\":\"search_term_string\"}}],\"inLanguage\":\"pt-PT\"},{\"@type\":\"Organization\",\"@id\":\"https:\\\/\\\/martorelli.com.br\\\/dialogoslegais\\\/#organization\",\"name\":\"Blog Di\u00e1logos Legais\",\"url\":\"https:\\\/\\\/martorelli.com.br\\\/dialogoslegais\\\/\",\"logo\":{\"@type\":\"ImageObject\",\"inLanguage\":\"pt-PT\",\"@id\":\"https:\\\/\\\/martorelli.com.br\\\/dialogoslegais\\\/#\\\/schema\\\/logo\\\/image\\\/\",\"url\":\"https:\\\/\\\/martorelli.com.br\\\/dialogoslegais\\\/wp-content\\\/uploads\\\/2024\\\/01\\\/Prancheta-1-scaled.webp\",\"contentUrl\":\"https:\\\/\\\/martorelli.com.br\\\/dialogoslegais\\\/wp-content\\\/uploads\\\/2024\\\/01\\\/Prancheta-1-scaled.webp\",\"width\":2560,\"height\":2560,\"caption\":\"Blog Di\u00e1logos Legais\"},\"image\":{\"@id\":\"https:\\\/\\\/martorelli.com.br\\\/dialogoslegais\\\/#\\\/schema\\\/logo\\\/image\\\/\"},\"sameAs\":[\"https:\\\/\\\/www.instagram.com\\\/martorelliadvogados\\\/\"]},{\"@type\":\"Person\",\"@id\":\"https:\\\/\\\/martorelli.com.br\\\/dialogoslegais\\\/#\\\/schema\\\/person\\\/cd91f2df3da16aa738077c2dd4205c85\",\"name\":\"Martorelli Advogados\",\"image\":{\"@type\":\"ImageObject\",\"inLanguage\":\"pt-PT\",\"@id\":\"https:\\\/\\\/secure.gravatar.com\\\/avatar\\\/?s=96&d=mm&r=g23494c9101089ad44ae88ce9d2f56aac\",\"url\":\"https:\\\/\\\/secure.gravatar.com\\\/avatar\\\/?s=96&d=mm&r=g\",\"contentUrl\":\"https:\\\/\\\/secure.gravatar.com\\\/avatar\\\/?s=96&d=mm&r=g\",\"caption\":\"Martorelli Advogados\"},\"url\":\"https:\\\/\\\/martorelli.com.br\\\/dialogoslegais\\\/author\\\/marciar\\\/\"}]}<\/script>\n<!-- \/ Yoast SEO plugin. -->","yoast_head_json":{"title":"Justi\u00e7a manda Casas Bahia reverter demiss\u00f5es; veja como ficam os funcion\u00e1rios - Blog Di\u00e1logos Legais","robots":{"index":"index","follow":"follow","max-snippet":"max-snippet:-1","max-image-preview":"max-image-preview:large","max-video-preview":"max-video-preview:-1"},"canonical":"https:\/\/martorelli.com.br\/dialogoslegais\/justica-manda-casas-bahia-reverter-demissoes-veja-como-ficam-os-funcionarios\/","og_locale":"pt_PT","og_type":"article","og_title":"Justi\u00e7a manda Casas Bahia reverter demiss\u00f5es; veja como ficam os funcion\u00e1rios - Blog Di\u00e1logos Legais","og_description":"A Justi\u00e7a do Trabalho determinou, em decis\u00e3o liminar, o restabelecimento provis\u00f3rio dos contratos de trabalhadores desligados pelo Grupo Casas Bahia durante uma nova rodada de cortes realizada em agosto, al\u00e9m da suspens\u00e3o dos efeitos das dispensas coletivas relacionadas \u00e0 chamada \u201cFase 2\u201d do Plano de Transforma\u00e7\u00e3o da companhia. A decis\u00e3o foi proferida pela ju\u00edza Katarina [&hellip;]","og_url":"https:\/\/martorelli.com.br\/dialogoslegais\/justica-manda-casas-bahia-reverter-demissoes-veja-como-ficam-os-funcionarios\/","og_site_name":"Blog Di\u00e1logos Legais","article_published_time":"2026-08-21T17:23:10+00:00","article_modified_time":"2026-08-22T01:41:41+00:00","og_image":[{"width":1024,"height":683,"url":"https:\/\/martorelli.com.br\/dialogoslegais\/wp-content\/uploads\/2026\/08\/Padrao-Blog-Site-MA-50-1024x683.png","type":"image\/png"}],"author":"Martorelli Advogados","twitter_card":"summary_large_image","twitter_misc":{"Escrito por":"Martorelli Advogados","Tempo estimado de leitura":"6 minutos"},"schema":{"@context":"https:\/\/schema.org","@graph":[{"@type":"Article","@id":"https:\/\/martorelli.com.br\/dialogoslegais\/justica-manda-casas-bahia-reverter-demissoes-veja-como-ficam-os-funcionarios\/#article","isPartOf":{"@id":"https:\/\/martorelli.com.br\/dialogoslegais\/justica-manda-casas-bahia-reverter-demissoes-veja-como-ficam-os-funcionarios\/"},"author":{"name":"Martorelli Advogados","@id":"https:\/\/martorelli.com.br\/dialogoslegais\/#\/schema\/person\/cd91f2df3da16aa738077c2dd4205c85"},"headline":"Justi\u00e7a manda Casas Bahia reverter demiss\u00f5es; veja como ficam os funcion\u00e1rios","datePublished":"2026-08-21T17:23:10+00:00","dateModified":"2026-08-22T01:41:41+00:00","mainEntityOfPage":{"@id":"https:\/\/martorelli.com.br\/dialogoslegais\/justica-manda-casas-bahia-reverter-demissoes-veja-como-ficam-os-funcionarios\/"},"wordCount":1216,"commentCount":0,"publisher":{"@id":"https:\/\/martorelli.com.br\/dialogoslegais\/#organization"},"image":{"@id":"https:\/\/martorelli.com.br\/dialogoslegais\/justica-manda-casas-bahia-reverter-demissoes-veja-como-ficam-os-funcionarios\/#primaryimage"},"thumbnailUrl":"https:\/\/martorelli.com.br\/dialogoslegais\/wp-content\/uploads\/2026\/08\/Padrao-Blog-Site-MA-50.png","articleSection":["Trabalhista"],"inLanguage":"pt-PT","potentialAction":[{"@type":"CommentAction","name":"Comment","target":["https:\/\/martorelli.com.br\/dialogoslegais\/justica-manda-casas-bahia-reverter-demissoes-veja-como-ficam-os-funcionarios\/#respond"]}]},{"@type":"WebPage","@id":"https:\/\/martorelli.com.br\/dialogoslegais\/justica-manda-casas-bahia-reverter-demissoes-veja-como-ficam-os-funcionarios\/","url":"https:\/\/martorelli.com.br\/dialogoslegais\/justica-manda-casas-bahia-reverter-demissoes-veja-como-ficam-os-funcionarios\/","name":"Justi\u00e7a manda Casas Bahia reverter demiss\u00f5es; veja como ficam os funcion\u00e1rios - Blog Di\u00e1logos Legais","isPartOf":{"@id":"https:\/\/martorelli.com.br\/dialogoslegais\/#website"},"primaryImageOfPage":{"@id":"https:\/\/martorelli.com.br\/dialogoslegais\/justica-manda-casas-bahia-reverter-demissoes-veja-como-ficam-os-funcionarios\/#primaryimage"},"image":{"@id":"https:\/\/martorelli.com.br\/dialogoslegais\/justica-manda-casas-bahia-reverter-demissoes-veja-como-ficam-os-funcionarios\/#primaryimage"},"thumbnailUrl":"https:\/\/martorelli.com.br\/dialogoslegais\/wp-content\/uploads\/2026\/08\/Padrao-Blog-Site-MA-50.png","datePublished":"2026-08-21T17:23:10+00:00","dateModified":"2026-08-22T01:41:41+00:00","breadcrumb":{"@id":"https:\/\/martorelli.com.br\/dialogoslegais\/justica-manda-casas-bahia-reverter-demissoes-veja-como-ficam-os-funcionarios\/#breadcrumb"},"inLanguage":"pt-PT","potentialAction":[{"@type":"ReadAction","target":["https:\/\/martorelli.com.br\/dialogoslegais\/justica-manda-casas-bahia-reverter-demissoes-veja-como-ficam-os-funcionarios\/"]}]},{"@type":"ImageObject","inLanguage":"pt-PT","@id":"https:\/\/martorelli.com.br\/dialogoslegais\/justica-manda-casas-bahia-reverter-demissoes-veja-como-ficam-os-funcionarios\/#primaryimage","url":"https:\/\/martorelli.com.br\/dialogoslegais\/wp-content\/uploads\/2026\/08\/Padrao-Blog-Site-MA-50.png","contentUrl":"https:\/\/martorelli.com.br\/dialogoslegais\/wp-content\/uploads\/2026\/08\/Padrao-Blog-Site-MA-50.png","width":2560,"height":1707},{"@type":"BreadcrumbList","@id":"https:\/\/martorelli.com.br\/dialogoslegais\/justica-manda-casas-bahia-reverter-demissoes-veja-como-ficam-os-funcionarios\/#breadcrumb","itemListElement":[{"@type":"ListItem","position":1,"name":"In\u00edcio","item":"https:\/\/martorelli.com.br\/dialogoslegais\/"},{"@type":"ListItem","position":2,"name":"Justi\u00e7a manda Casas Bahia reverter demiss\u00f5es; veja como ficam os funcion\u00e1rios"}]},{"@type":"WebSite","@id":"https:\/\/martorelli.com.br\/dialogoslegais\/#website","url":"https:\/\/martorelli.com.br\/dialogoslegais\/","name":"Blog Di\u00e1logos Legais","description":"Rela\u00e7\u00f5es Inspiradoras. Advocacia em Movimento.","publisher":{"@id":"https:\/\/martorelli.com.br\/dialogoslegais\/#organization"},"potentialAction":[{"@type":"SearchAction","target":{"@type":"EntryPoint","urlTemplate":"https:\/\/martorelli.com.br\/dialogoslegais\/?s={search_term_string}"},"query-input":{"@type":"PropertyValueSpecification","valueRequired":true,"valueName":"search_term_string"}}],"inLanguage":"pt-PT"},{"@type":"Organization","@id":"https:\/\/martorelli.com.br\/dialogoslegais\/#organization","name":"Blog Di\u00e1logos Legais","url":"https:\/\/martorelli.com.br\/dialogoslegais\/","logo":{"@type":"ImageObject","inLanguage":"pt-PT","@id":"https:\/\/martorelli.com.br\/dialogoslegais\/#\/schema\/logo\/image\/","url":"https:\/\/martorelli.com.br\/dialogoslegais\/wp-content\/uploads\/2024\/01\/Prancheta-1-scaled.webp","contentUrl":"https:\/\/martorelli.com.br\/dialogoslegais\/wp-content\/uploads\/2024\/01\/Prancheta-1-scaled.webp","width":2560,"height":2560,"caption":"Blog Di\u00e1logos Legais"},"image":{"@id":"https:\/\/martorelli.com.br\/dialogoslegais\/#\/schema\/logo\/image\/"},"sameAs":["https:\/\/www.instagram.com\/martorelliadvogados\/"]},{"@type":"Person","@id":"https:\/\/martorelli.com.br\/dialogoslegais\/#\/schema\/person\/cd91f2df3da16aa738077c2dd4205c85","name":"Martorelli Advogados","image":{"@type":"ImageObject","inLanguage":"pt-PT","@id":"https:\/\/secure.gravatar.com\/avatar\/?s=96&d=mm&r=g23494c9101089ad44ae88ce9d2f56aac","url":"https:\/\/secure.gravatar.com\/avatar\/?s=96&d=mm&r=g","contentUrl":"https:\/\/secure.gravatar.com\/avatar\/?s=96&d=mm&r=g","caption":"Martorelli Advogados"},"url":"https:\/\/martorelli.com.br\/dialogoslegais\/author\/marciar\/"}]}},"authors":[{"term_id":33,"user_id":5,"is_guest":0,"slug":"marciar","display_name":"Martorelli Advogados","avatar_url":"https:\/\/secure.gravatar.com\/avatar\/?s=96&d=mm&r=g","0":null,"1":"","2":"","3":"","4":"","5":"","6":"","7":"","8":""}],"_links":{"self":[{"href":"https:\/\/martorelli.com.br\/dialogoslegais\/wp-json\/wp\/v2\/posts\/2057","targetHints":{"allow":["GET"]}}],"collection":[{"href":"https:\/\/martorelli.com.br\/dialogoslegais\/wp-json\/wp\/v2\/posts"}],"about":[{"href":"https:\/\/martorelli.com.br\/dialogoslegais\/wp-json\/wp\/v2\/types\/post"}],"author":[{"embeddable":true,"href":"https:\/\/martorelli.com.br\/dialogoslegais\/wp-json\/wp\/v2\/users\/5"}],"replies":[{"embeddable":true,"href":"https:\/\/martorelli.com.br\/dialogoslegais\/wp-json\/wp\/v2\/comments?post=2057"}],"version-history":[{"count":2,"href":"https:\/\/martorelli.com.br\/dialogoslegais\/wp-json\/wp\/v2\/posts\/2057\/revisions"}],"predecessor-version":[{"id":2060,"href":"https:\/\/martorelli.com.br\/dialogoslegais\/wp-json\/wp\/v2\/posts\/2057\/revisions\/2060"}],"wp:featuredmedia":[{"embeddable":true,"href":"https:\/\/martorelli.com.br\/dialogoslegais\/wp-json\/wp\/v2\/media\/2058"}],"wp:attachment":[{"href":"https:\/\/martorelli.com.br\/dialogoslegais\/wp-json\/wp\/v2\/media?parent=2057"}],"wp:term":[{"taxonomy":"category","embeddable":true,"href":"https:\/\/martorelli.com.br\/dialogoslegais\/wp-json\/wp\/v2\/categories?post=2057"},{"taxonomy":"post_tag","embeddable":true,"href":"https:\/\/martorelli.com.br\/dialogoslegais\/wp-json\/wp\/v2\/tags?post=2057"},{"taxonomy":"author","embeddable":true,"href":"https:\/\/martorelli.com.br\/dialogoslegais\/wp-json\/wp\/v2\/ppma_author?post=2057"}],"curies":[{"name":"wp","href":"https:\/\/api.w.org\/{rel}","templated":true}]}}